{"id":1038,"date":"2018-02-12T18:44:15","date_gmt":"2018-02-12T17:44:15","guid":{"rendered":"http:\/\/apreslaclasse.net\/?p=1038"},"modified":"2023-08-18T15:48:30","modified_gmt":"2023-08-18T13:48:30","slug":"albums-cycle-2","status":"publish","type":"post","link":"https:\/\/apreslaclasse.net\/index.php\/2018\/02\/12\/albums-cycle-2\/","title":{"rendered":"Si vous cherchez des albums \u00e0 \u00e9tudier au cycle 2"},"content":{"rendered":"<p><img decoding=\"async\" loading=\"lazy\" class=\" wp-image-1041 alignleft\" src=\"https:\/\/i0.wp.com\/apreslaclasse.net\/wp-content\/uploads\/2018\/02\/Liste-de-r\u00e9f.jpg?resize=332%2C220\" alt=\"\" width=\"332\" height=\"220\" srcset=\"https:\/\/i0.wp.com\/apreslaclasse.net\/wp-content\/uploads\/2018\/02\/Liste-de-r\u00e9f.jpg?resize=300%2C199&amp;ssl=1 300w, https:\/\/i0.wp.com\/apreslaclasse.net\/wp-content\/uploads\/2018\/02\/Liste-de-r\u00e9f.jpg?resize=768%2C511&amp;ssl=1 768w, https:\/\/i0.wp.com\/apreslaclasse.net\/wp-content\/uploads\/2018\/02\/Liste-de-r\u00e9f.jpg?resize=1024%2C681&amp;ssl=1 1024w, https:\/\/i0.wp.com\/apreslaclasse.net\/wp-content\/uploads\/2018\/02\/Liste-de-r\u00e9f.jpg?resize=770%2C512&amp;ssl=1 770w, https:\/\/i0.wp.com\/apreslaclasse.net\/wp-content\/uploads\/2018\/02\/Liste-de-r\u00e9f.jpg?w=1128&amp;ssl=1 1128w\" sizes=\"(max-width: 332px) 100vw, 332px\" data-recalc-dims=\"1\" \/><span style=\"color: #000000;\">J&rsquo;ai voulu profiter de ma disponibilit\u00e9 pour parfaire mes connaissances dans le domaine de la litt\u00e9rature de jeunesse.<\/span><\/p>\n<p><span style=\"color: #000000;\">Pour cela, je me suis mise en t\u00eate d&rsquo;\u00e9tudier de pr\u00e8s <span style=\"color: #3366ff;\"><strong>chaque ouvrage mentionn\u00e9 dans la liste de r\u00e9f\u00e9rence du Minist\u00e8re de l\u2019\u00c9ducation Nationale<\/strong><\/span>. Je vous explique tout et partage mon travail dans cet article. <\/span><!--more--><\/p>\n<h2><span style=\"color: #000000;\">Ma d\u00e9marche<\/span><\/h2>\n<p><span style=\"color: #000000;\">La liste de r\u00e9f\u00e9rence \u00e9dit\u00e9e par l\u2019\u00c9ducation Nationale est des plus succinctes. Les \u0153uvres conseill\u00e9es y sont nombreuses mais cette liste ne mentionne que le titre, le nom de l&rsquo;auteur, l&rsquo;\u00e9diteur et la mention d&rsquo;un niveau de difficult\u00e9 pour chaque \u0153uvre. Pas facile de se faire une id\u00e9e de la th\u00e9matique abord\u00e9e ou des particularit\u00e9s litt\u00e9raires de ces r\u00e9cits\u00a0 !<\/span><\/p>\n<p><span style=\"color: #000000;\">C&rsquo;est pourquoi j&rsquo;ai cherch\u00e9 davantage d&rsquo;informations sur ces ouvrages. J&rsquo;ai commenc\u00e9 mes recherches avec les albums du cycle 2 et je pensais poursuivre ce travail pour les autres cycles. Tr\u00e8s vite, je me suis rendue compte que cette t\u00e2che \u00e9tait tr\u00e8s chronophage&#8230; et peut-\u00eatre pas des plus utiles pour moi ! J&rsquo;avais \u00e0 coeur de finir mes recherches sur les albums de cycle 2 mais je n&rsquo;ai pas voulu faire le m\u00eame travail pour la liste de r\u00e9f\u00e9rences d\u00e9di\u00e9e au cycle 3.<\/span><\/p>\n<p>&nbsp;<\/p>\n<h2>Le document<\/h2>\n<p><span style=\"color: #000000;\">Ce fichier Word contient la pr\u00e9sentation de tous les albums de la liste. Souvent, la description est celle de l&rsquo;\u00e9diteur. J&rsquo;ai ajout\u00e9 des informations suppl\u00e9mentaires telles que les th\u00e9matiques abord\u00e9es (pour pouvoir faire des recherches \u00e0 partir de mots-cl\u00e9s) ainsi qu&rsquo;une image de la couverture (pour rep\u00e9rer plus facilement ces ouvrages chez Emma\u00fcs ou dans les vides-greniers \ud83d\ude09 ) <\/span><\/p>\n<p style=\"text-align: center;\"><a href=\"http:\/\/apreslaclasse.net\/wp-content\/uploads\/2018\/02\/Albums-de-r%C3%A9f%C3%A9rence-Cycle-2-1.docx\" target=\"_blank\" rel=\"noopener\"><img decoding=\"async\" loading=\"lazy\" class=\"aligncenter wp-image-735\" src=\"https:\/\/i0.wp.com\/apreslaclasse.net\/wp-content\/uploads\/2017\/11\/word.jpg?resize=104%2C102\" alt=\"\" width=\"104\" height=\"102\" data-recalc-dims=\"1\" \/><\/a><a href=\"http:\/\/apreslaclasse.net\/wp-content\/uploads\/2018\/02\/Albums-de-r\u00e9f\u00e9rence-Cycle-2-1.docx\">Albums de r\u00e9f\u00e9rence &#8211; Cycle 2<\/a><\/p>\n<p>&nbsp;<\/p>\n<p><span style=\"color: #000000;\">Ce document vous aidera peut-\u00eatre dans l&rsquo;\u00e9laboration de vos s\u00e9quences de litt\u00e9rature. <\/span><span style=\"color: #000000;\">Bonne continuation !<\/span><\/p>\n<p>Vous pouvez suivre l&rsquo;actualit\u00e9 de mon blog sur <a href=\"https:\/\/www.facebook.com\/blogapreslaclasse\/\" target=\"_blank\" rel=\"noopener\">sa page Facebook<\/a>.<\/p>\n<hr \/>\n<p><span style=\"color: #000000;\"><strong>SOURCE :<\/strong> <\/span><\/p>\n<p><span style=\"color: #000000;\">Listes originales des ouvrages de r\u00e9f\u00e9rences : <a href=\"http:\/\/eduscol.education.fr\/cid58816\/litterature.html\" target=\"_blank\" rel=\"noopener\"><span style=\"color: #ff0000;\">http:\/\/eduscol.education.fr\/cid58816\/litterature.html<\/span><\/a><\/span><\/p>\n<p>&nbsp;<\/p>\n","protected":false},"excerpt":{"rendered":"<p>J&rsquo;ai voulu profiter de ma disponibilit\u00e9 pour parfaire mes connaissances dans le domaine de la litt\u00e9rature de jeunesse. Pour cela, je me suis mise en t\u00eate d&rsquo;\u00e9tudier de pr\u00e8s chaque ouvrage mentionn\u00e9 dans la liste de r\u00e9f\u00e9rence du Minist\u00e8re de l\u2019\u00c9ducation Nationale. Je vous explique tout et partage mon travail dans cet article.<\/p>\n","protected":false},"author":1,"featured_media":0,"comment_status":"open","ping_status":"closed","sticky":false,"template":"","format":"standard","meta":{"jetpack_publicize_message":"","jetpack_is_tweetstorm":false,"jetpack_publicize_feature_enabled":true},"categories":[11,12],"tags":[98,47,46],"jetpack_publicize_connections":[],"jetpack_featured_media_url":"","jetpack_sharing_enabled":true,"jetpack_shortlink":"https:\/\/wp.me\/p96XsV-gK","_links":{"self":[{"href":"https:\/\/apreslaclasse.net\/index.php\/wp-json\/wp\/v2\/posts\/1038"}],"collection":[{"href":"https:\/\/apreslaclasse.net\/index.php\/wp-json\/wp\/v2\/posts"}],"about":[{"href":"https:\/\/apreslaclasse.net\/index.php\/wp-json\/wp\/v2\/types\/post"}],"author":[{"embeddable":true,"href":"https:\/\/apreslaclasse.net\/index.php\/wp-json\/wp\/v2\/users\/1"}],"replies":[{"embeddable":true,"href":"https:\/\/apreslaclasse.net\/index.php\/wp-json\/wp\/v2\/comments?post=1038"}],"version-history":[{"count":9,"href":"https:\/\/apreslaclasse.net\/index.php\/wp-json\/wp\/v2\/posts\/1038\/revisions"}],"predecessor-version":[{"id":2060,"href":"https:\/\/apreslaclasse.net\/index.php\/wp-json\/wp\/v2\/posts\/1038\/revisions\/2060"}],"wp:attachment":[{"href":"https:\/\/apreslaclasse.net\/index.php\/wp-json\/wp\/v2\/media?parent=1038"}],"wp:term":[{"taxonomy":"category","embeddable":true,"href":"https:\/\/apreslaclasse.net\/index.php\/wp-json\/wp\/v2\/categories?post=1038"},{"taxonomy":"post_tag","embeddable":true,"href":"https:\/\/apreslaclasse.net\/index.php\/wp-json\/wp\/v2\/tags?post=1038"}],"curies":[{"name":"wp","href":"https:\/\/api.w.org\/{rel}","templated":true}]}}