{"id":772,"date":"2017-12-02T14:46:13","date_gmt":"2017-12-02T13:46:13","guid":{"rendered":"http:\/\/apreslaclasse.net\/?p=772"},"modified":"2017-12-02T17:37:23","modified_gmt":"2017-12-02T16:37:23","slug":"segmenter-sa-lecture-pour-comprendre","status":"publish","type":"post","link":"https:\/\/apreslaclasse.net\/index.php\/2017\/12\/02\/segmenter-sa-lecture-pour-comprendre\/","title":{"rendered":"Aider les \u00e9l\u00e8ves \u00e0 comprendre ce qu&rsquo;ils lisent &#8211; S\u00e9quence pour le cycle 2"},"content":{"rendered":"<p><img decoding=\"async\" loading=\"lazy\" class=\"wp-image-773 alignleft\" src=\"https:\/\/i0.wp.com\/apreslaclasse.net\/wp-content\/uploads\/2017\/12\/enseignement-explicite-dune-strat\u00e9gie-de-lecture-copie.jpg?resize=383%2C237\" alt=\"Segmenter sa lecture pour mieux comprendre\" width=\"383\" height=\"237\" srcset=\"https:\/\/i0.wp.com\/apreslaclasse.net\/wp-content\/uploads\/2017\/12\/enseignement-explicite-dune-strat\u00e9gie-de-lecture-copie.jpg?resize=300%2C186&amp;ssl=1 300w, https:\/\/i0.wp.com\/apreslaclasse.net\/wp-content\/uploads\/2017\/12\/enseignement-explicite-dune-strat\u00e9gie-de-lecture-copie.jpg?resize=768%2C477&amp;ssl=1 768w, https:\/\/i0.wp.com\/apreslaclasse.net\/wp-content\/uploads\/2017\/12\/enseignement-explicite-dune-strat\u00e9gie-de-lecture-copie.jpg?resize=1024%2C636&amp;ssl=1 1024w, https:\/\/i0.wp.com\/apreslaclasse.net\/wp-content\/uploads\/2017\/12\/enseignement-explicite-dune-strat\u00e9gie-de-lecture-copie.jpg?resize=770%2C478&amp;ssl=1 770w, https:\/\/i0.wp.com\/apreslaclasse.net\/wp-content\/uploads\/2017\/12\/enseignement-explicite-dune-strat\u00e9gie-de-lecture-copie.jpg?w=1288&amp;ssl=1 1288w\" sizes=\"(max-width: 383px) 100vw, 383px\" data-recalc-dims=\"1\" \/><span style=\"color: #000000;\">Comme diraient les Qu\u00e9b\u00e9cois, \u00ab\u00a0je suis tomb\u00e9e en amour avec cette vid\u00e9o.\u00a0\u00bb <\/span><\/p>\n<p><span style=\"color: #000000;\">Cette enseignante qu\u00e9b\u00e9coise travaille\u00a0 sur la segmentation de la lecture par groupe de mots qui ont du sens et incite ainsi ses \u00e9l\u00e8ves \u00ab\u00a0\u00e0 se faire le film du r\u00e9cit dans leurs t\u00eates.\u00a0\u00bb<\/span><\/p>\n<p><!--more--><\/p>\n<h2><\/h2>\n<h2><span style=\"color: #000000;\">La vid\u00e9o :<\/span><\/h2>\n<div class=\"jetpack-video-wrapper\"><span class=\"embed-youtube\" style=\"text-align:center; display: block;\"><iframe loading=\"lazy\" class=\"youtube-player\" width=\"646\" height=\"364\" src=\"https:\/\/www.youtube.com\/embed\/MWLimgMo3-s?version=3&#038;rel=1&#038;showsearch=0&#038;showinfo=1&#038;iv_load_policy=1&#038;fs=1&#038;hl=fr-FR&#038;autohide=2&#038;start=437&#038;wmode=transparent\" allowfullscreen=\"true\" style=\"border:0;\" sandbox=\"allow-scripts allow-same-origin allow-popups allow-presentation\"><\/iframe><\/span><\/div>\n<h2><\/h2>\n<h2><span style=\"color: #000000;\">Ma fiche s\u00e9quence :<\/span><\/h2>\n<p><span style=\"color: #000000;\">Malheureusement, l&rsquo;album utilis\u00e9 par cette enseignante (\u00ab\u00a0Pas encore des l\u00e9gumes !\u00a0\u00bb de Marie-Louise Gay) n&rsquo;est plus disponible&#8230; <\/span><\/p>\n<p><span style=\"color: #000000;\">J&rsquo;ai donc repris la s\u00e9quence avec le r\u00e9cit de l\u2019\u00e9nigme du sphinx. <\/span><\/p>\n<p><span style=\"color: #000000;\">Le document est t\u00e9l\u00e9chargeable ci-dessous :\u00a0<\/span><\/p>\n<p style=\"text-align: center;\"><a href=\"http:\/\/apreslaclasse.net\/wp-content\/uploads\/2017\/12\/Cycle-2-S%C3%A9quence-Compr%C3%A9hension-Segmentation-L%C3%A9nigme-du-Sphinx.pdf\" target=\"_blank\" rel=\"noopener\"><img decoding=\"async\" loading=\"lazy\" class=\"size-full wp-image-253 aligncenter\" src=\"https:\/\/i0.wp.com\/apreslaclasse.net\/wp-content\/uploads\/2017\/08\/pdf.jpg?resize=98%2C101\" alt=\"\" width=\"98\" height=\"101\" data-recalc-dims=\"1\" \/><\/a><a href=\"http:\/\/apreslaclasse.net\/wp-content\/uploads\/2017\/12\/Cycle-2-S\u00e9quence-Compr\u00e9hension-Segmentation-L\u00e9nigme-du-Sphinx.pdf\">Cycle 2 &#8211; S\u00e9quence Compr\u00e9hension Segmentation &#8211; L&rsquo;\u00e9nigme du Sphinx<\/a><\/p>\n<p><span style=\"color: #000000;\">Vous y trouverez :<\/span><\/p>\n<ul>\n<li><span style=\"color: #000000;\">la fiche s\u00e9quence<\/span><\/li>\n<li><span style=\"color: #000000;\">Le texte \u00ab\u00a0L\u2019\u00c9nigme du sphinx\u00a0\u00bb pour la lecture offerte<\/span><\/li>\n<li><span style=\"color: #000000;\">Les \u00e9tiquettes pour la 1\u00e8re s\u00e9ance<\/span><\/li>\n<li><span style=\"color: #000000;\">Une affiche rappel (optionnelle)<br \/>\n<\/span><\/li>\n<li><span style=\"color: #000000;\">Les exercices pour les \u00e9l\u00e8ves<\/span><\/li>\n<\/ul>\n<hr \/>\n<p><span style=\"color: #000000;\">\u00c9videmment, ce travail peut \u00eatre men\u00e9 avec un autre texte. Je voulais avoir une s\u00e9quence \u00ab\u00a0cl\u00e9 en main\u00a0\u00bb d&rsquo;o\u00f9 ma suggestion du texte \u00ab\u00a0L&rsquo;Enigme du sphinx\u00a0\u00bb. <\/span><span style=\"color: #000000;\">Mais je dois dire que je ne suis pas satisfaite \u00e0 100% par ce choix. Il me semble que les phrases complexes fournies par celui-ci sont moins pertinentes que celles extraites de l&rsquo;album \u00ab\u00a0Pas encore des l\u00e9gumes\u00a0\u00bb.<\/span><\/p>\n<p><span style=\"color: #000000;\">Si vous avez d&rsquo;autres suggestions de textes , faites-le moi savoir en commentaires. J&rsquo;ai le temps de modifier cette s\u00e9quence.<\/span><\/p>\n<hr \/>\n<p>&nbsp;<\/p>\n<p><span style=\"color: #000000;\">Comme d&rsquo;habitude, si vous trouvez cet article int\u00e9ressant, n&rsquo;h\u00e9sitez pas \u00e0 le partager sur les r\u00e9seaux sociaux et\/ou \u00e0 laisser un petit commentaire. Vous pouvez suivre l&rsquo;actualit\u00e9 des publications en \u00ab\u00a0likant\u00a0\u00bb <a href=\"https:\/\/www.facebook.com\/blogapreslaclasse\/\" target=\"_blank\" rel=\"noopener\">la page Facebook du blog<\/a>.<\/span><\/p>\n<hr \/>\n<p><strong><span style=\"color: #000000;\">SOURCES :<\/span><\/strong><\/p>\n<p><span style=\"color: #000000;\">S\u00e9quence inspir\u00e9e du travail de Claudine Lachapelle, conseill\u00e8re p\u00e9dagogique au Canada qui a \u00e9crit \u00ab Les strat\u00e9gies de <\/span><span style=\"color: #000000;\">compr\u00e9hension en lecture \u00bb et de Sylvie\u2010Allie Labelle, enseignante au Canada. (Vid\u00e9o Youtube \u00ab Enseignement <\/span><span style=\"color: #000000;\">explicite d\u2019une strat\u00e9gie de lecture \u00bb).<\/span><\/p>\n<p><span style=\"color: #000000;\">LACHAPELLE Claudine, \u00ab\u00a0Les strat\u00e9gies de compr\u00e9hension en lecture\u00a0\u00bb : <\/span><a href=\"https:\/\/fr.scribd.com\/document\/232758773\/Cahier-Des-Strategies-de-Comprehension-en-Lecture\" target=\"_blank\" rel=\"noopener\">ici<\/a><\/p>\n<p>&nbsp;<\/p>\n<p>&nbsp;<\/p>\n","protected":false},"excerpt":{"rendered":"<p>Comme diraient les Qu\u00e9b\u00e9cois, \u00ab\u00a0je suis tomb\u00e9e en amour avec cette vid\u00e9o.\u00a0\u00bb Cette enseignante qu\u00e9b\u00e9coise travaille\u00a0 sur la segmentation de la lecture par groupe de mots qui ont du sens et incite ainsi ses \u00e9l\u00e8ves \u00ab\u00a0\u00e0 se faire le film du r\u00e9cit dans leurs t\u00eates.\u00a0\u00bb<\/p>\n","protected":false},"author":1,"featured_media":0,"comment_status":"open","ping_status":"closed","sticky":false,"template":"","format":"standard","meta":{"jetpack_publicize_message":"","jetpack_is_tweetstorm":false,"jetpack_publicize_feature_enabled":true},"categories":[11,12],"tags":[38,48,47],"jetpack_publicize_connections":[],"jetpack_featured_media_url":"","jetpack_sharing_enabled":true,"jetpack_shortlink":"https:\/\/wp.me\/p96XsV-cs","_links":{"self":[{"href":"https:\/\/apreslaclasse.net\/index.php\/wp-json\/wp\/v2\/posts\/772"}],"collection":[{"href":"https:\/\/apreslaclasse.net\/index.php\/wp-json\/wp\/v2\/posts"}],"about":[{"href":"https:\/\/apreslaclasse.net\/index.php\/wp-json\/wp\/v2\/types\/post"}],"author":[{"embeddable":true,"href":"https:\/\/apreslaclasse.net\/index.php\/wp-json\/wp\/v2\/users\/1"}],"replies":[{"embeddable":true,"href":"https:\/\/apreslaclasse.net\/index.php\/wp-json\/wp\/v2\/comments?post=772"}],"version-history":[{"count":9,"href":"https:\/\/apreslaclasse.net\/index.php\/wp-json\/wp\/v2\/posts\/772\/revisions"}],"predecessor-version":[{"id":783,"href":"https:\/\/apreslaclasse.net\/index.php\/wp-json\/wp\/v2\/posts\/772\/revisions\/783"}],"wp:attachment":[{"href":"https:\/\/apreslaclasse.net\/index.php\/wp-json\/wp\/v2\/media?parent=772"}],"wp:term":[{"taxonomy":"category","embeddable":true,"href":"https:\/\/apreslaclasse.net\/index.php\/wp-json\/wp\/v2\/categories?post=772"},{"taxonomy":"post_tag","embeddable":true,"href":"https:\/\/apreslaclasse.net\/index.php\/wp-json\/wp\/v2\/tags?post=772"}],"curies":[{"name":"wp","href":"https:\/\/api.w.org\/{rel}","templated":true}]}}